{"id":150328,"date":"2026-08-30T15:10:21","date_gmt":"2026-08-30T12:10:21","guid":{"rendered":"https:\/\/www.kibrishost.com\/tak\/arikli-gemiden-kurtarilanlar-hastanelere-sevk-edilmek-uzere-girne-limanina-getirildi\/"},"modified":"2026-08-30T15:10:21","modified_gmt":"2026-08-30T12:10:21","slug":"arikli-gemiden-kurtarilanlar-hastanelere-sevk-edilmek-uzere-girne-limanina-getirildi","status":"publish","type":"post","link":"https:\/\/www.kibrishost.com\/tak\/arikli-gemiden-kurtarilanlar-hastanelere-sevk-edilmek-uzere-girne-limanina-getirildi\/","title":{"rendered":"Ar\u0131kl\u0131: \u201cGemiden kurtar\u0131lanlar hastanelere sevk edilmek \u00fczere Girne Liman\u0131&#8217;na getirildi\u201d"},"content":{"rendered":"<p>Bay\u0131nd\u0131rl\u0131k ve Ula\u015ft\u0131rma Bakan\u0131 Erhan Ar\u0131kl\u0131, Girne a\u00e7\u0131klar\u0131nda alabora olan gemiden kurtar\u0131lanlar\u0131n, Girne Liman\u0131&#8217;na getirildi\u011fini ve yolcular\u0131n buradan sonra KKTC&#8217;deki hastanelere kald\u0131r\u0131laca\u011f\u0131n\u0131 bildirdi.<\/p>\n<p>Ar\u0131kl\u0131, AA muhabirine, Girne a\u00e7\u0131klar\u0131nda alabora olan yolcu gemisinden kurtar\u0131lanlar\u0131n son durumuna ili\u015fkin a\u00e7\u0131klamada bulundu.<\/p>\n<p>Alabora olan gemiden kurtar\u0131lan yaral\u0131lar\u0131n sahil g\u00fcvenlik ve kurtarma ekiplerince Girne Liman\u0131&#8217;na getirildi\u011fini belirten Ar\u0131kl\u0131, yaral\u0131lar\u0131n durumlar\u0131na g\u00f6re KKTC&#8217;deki \u00e7e\u015fitli hastanelere kald\u0131r\u0131laca\u011f\u0131n\u0131 s\u00f6yledi.<\/p>\n<p>Erhan Ar\u0131kl\u0131, kurtarma \u00e7al\u0131\u015fmalar\u0131n\u0131n b\u00fcy\u00fck bir ekiple y\u00fcr\u00fct\u00fcld\u00fc\u011f\u00fcn\u00fc vurgulayarak, geminin alabora olmas\u0131na sebep olan fakt\u00f6rleri ara\u015ft\u0131rd\u0131klar\u0131n\u0131 kaydetti.<\/p>\n<p>(AA\/FS\/\u00d6Z)\u00a0<\/p><\/p>\n","protected":false},"excerpt":{"rendered":"<p>Bay\u0131nd\u0131rl\u0131k ve Ula\u015ft\u0131rma Bakan\u0131 Erhan Ar\u0131kl\u0131, Girne a\u00e7\u0131klar\u0131nda alabora olan gemiden kurtar\u0131lanlar\u0131n, Girne Liman\u0131&#8217;na getirildi\u011fini ve yolcular\u0131n buradan sonra KKTC&#8217;deki hastanelere kald\u0131r\u0131laca\u011f\u0131n\u0131 bildirdi. Ar\u0131kl\u0131, AA muhabirine, Girne a\u00e7\u0131klar\u0131nda alabora olan yolcu gemisinden kurtar\u0131lanlar\u0131n son durumuna ili\u015fkin a\u00e7\u0131klamada bulundu. Alabora olan gemiden kurtar\u0131lan yaral\u0131lar\u0131n sahil g\u00fcvenlik ve kurtarma ekiplerince Girne Liman\u0131&#8217;na getirildi\u011fini belirten Ar\u0131kl\u0131, yaral\u0131lar\u0131n durumlar\u0131na &hellip;<\/p>\n","protected":false},"author":1,"featured_media":150329,"comment_status":"open","ping_status":"open","sticky":false,"template":"","format":"standard","meta":{"footnotes":""},"categories":[2],"tags":[358,34767,44464,387,1870,6243,48605,822,3160,1794],"class_list":["post-150328","post","type-post","status-publish","format-standard","has-post-thumbnail","hentry","category-kibris","tag-arikli","tag-edilmek","tag-gemiden","tag-getirildi","tag-girne","tag-hastanelere","tag-kurtarilanlar","tag-limanina","tag-sevk","tag-uzere"],"_links":{"self":[{"href":"https:\/\/www.kibrishost.com\/tak\/wp-json\/wp\/v2\/posts\/150328"}],"collection":[{"href":"https:\/\/www.kibrishost.com\/tak\/wp-json\/wp\/v2\/posts"}],"about":[{"href":"https:\/\/www.kibrishost.com\/tak\/wp-json\/wp\/v2\/types\/post"}],"author":[{"embeddable":true,"href":"https:\/\/www.kibrishost.com\/tak\/wp-json\/wp\/v2\/users\/1"}],"replies":[{"embeddable":true,"href":"https:\/\/www.kibrishost.com\/tak\/wp-json\/wp\/v2\/comments?post=150328"}],"version-history":[{"count":0,"href":"https:\/\/www.kibrishost.com\/tak\/wp-json\/wp\/v2\/posts\/150328\/revisions"}],"wp:featuredmedia":[{"embeddable":true,"href":"https:\/\/www.kibrishost.com\/tak\/wp-json\/wp\/v2\/media\/150329"}],"wp:attachment":[{"href":"https:\/\/www.kibrishost.com\/tak\/wp-json\/wp\/v2\/media?parent=150328"}],"wp:term":[{"taxonomy":"category","embeddable":true,"href":"https:\/\/www.kibrishost.com\/tak\/wp-json\/wp\/v2\/categories?post=150328"},{"taxonomy":"post_tag","embeddable":true,"href":"https:\/\/www.kibrishost.com\/tak\/wp-json\/wp\/v2\/tags?post=150328"}],"curies":[{"name":"wp","href":"https:\/\/api.w.org\/{rel}","templated":true}]}}