{"id":150315,"date":"2026-08-30T14:10:21","date_gmt":"2026-08-30T11:10:21","guid":{"rendered":"https:\/\/www.kibrishost.com\/tak\/saglik-bakanligi-hem-limanda-hem-de-hastanelerde-her-turlu-tedbir-alindi\/"},"modified":"2026-08-30T14:10:24","modified_gmt":"2026-08-30T11:10:24","slug":"saglik-bakanligi-hem-limanda-hem-de-hastanelerde-her-turlu-tedbir-alindi","status":"publish","type":"post","link":"https:\/\/www.kibrishost.com\/tak\/saglik-bakanligi-hem-limanda-hem-de-hastanelerde-her-turlu-tedbir-alindi\/","title":{"rendered":"Sa\u011fl\u0131k Bakanl\u0131\u011f\u0131: \u201cHem limanda hem de hastanelerde her t\u00fcrl\u00fc tedbir al\u0131nd\u0131\u201d"},"content":{"rendered":"<p>Sa\u011fl\u0131k Bakanl\u0131\u011f\u0131, Girne a\u00e7\u0131klar\u0131nda alabora olan gemideki yolculara m\u00fcdahale i\u00e7in hem limanda hem de hastanelerde her t\u00fcrl\u00fc tedbirin al\u0131nd\u0131\u011f\u0131n\u0131 duyurdu.<\/p>\n<p>Sa\u011fl\u0131k Bakanl\u0131\u011f\u0131\u2019n\u0131n a\u00e7\u0131klamas\u0131nda \u015funlar kaydedildi:<\/p>\n<p>Girne a\u00e7\u0131klar\u0131nda bir yolcu gemisinin alabora olmas\u0131 nedeniyle ya\u015fanan olay\u0131n ard\u0131ndan, ilk m\u00fcdahale ve sa\u011fl\u0131k hizmetlerinin en h\u0131zl\u0131 ve etkin \u015fekilde ger\u00e7ekle\u015ftirilebilmesi amac\u0131yla gerekli t\u00fcm haz\u0131rl\u0131klar yap\u0131lm\u0131\u015ft\u0131r.<\/p>\n<p>Sa\u011fl\u0131k Bakanl\u0131\u011f\u0131 olarak, hem limanda hem de devlet ve \u00f6zel hastanelerde her t\u00fcrl\u00fc tedbir al\u0131nm\u0131\u015ft\u0131r. <\/p>\n<p>Olas\u0131 ihtiya\u00e7lara h\u0131zl\u0131 \u015fekilde m\u00fcdahale edilebilmesi amac\u0131yla maksimum d\u00fczeyde insan kayna\u011f\u0131 harekete ge\u00e7irilmi\u015f; limanda ve hastanelerde g\u00f6rev yapacak sa\u011fl\u0131k ekipleri i\u00e7in t\u00fcm haz\u0131rl\u0131klar tamamlanm\u0131\u015ft\u0131r.\u201d<\/p>\n<\/p>\n<p><img decoding=\"async\" width=\"1024\" height=\"768\" src=\"https:\/\/www.kibrishost.com\/tak\/wp-content\/uploads\/2026\/08\/saglik-bakanligi-hem-limanda-hem-de-hastanelerde-her-turlu-tedbir-alindi-1-1024x768.jpeg\" class=\"aligncenter wp-image-150317\" alt=\"Sa\u011fl\u0131k Bakanl\u0131\u011f\u0131: \u201cHem limanda hem de hastanelerde her t\u00fcrl\u00fc tedbir al\u0131nd\u0131\u201d\" loading=\"lazy\" srcset=\"https:\/\/www.kibrishost.com\/tak\/wp-content\/uploads\/2026\/08\/saglik-bakanligi-hem-limanda-hem-de-hastanelerde-her-turlu-tedbir-alindi-1-1024x768.jpeg 1024w, https:\/\/www.kibrishost.com\/tak\/wp-content\/uploads\/2026\/08\/saglik-bakanligi-hem-limanda-hem-de-hastanelerde-her-turlu-tedbir-alindi-1-300x225.jpeg 300w, https:\/\/www.kibrishost.com\/tak\/wp-content\/uploads\/2026\/08\/saglik-bakanligi-hem-limanda-hem-de-hastanelerde-her-turlu-tedbir-alindi-1-768x576.jpeg 768w, https:\/\/www.kibrishost.com\/tak\/wp-content\/uploads\/2026\/08\/saglik-bakanligi-hem-limanda-hem-de-hastanelerde-her-turlu-tedbir-alindi-1-1536x1152.jpeg 1536w, https:\/\/www.kibrishost.com\/tak\/wp-content\/uploads\/2026\/08\/saglik-bakanligi-hem-limanda-hem-de-hastanelerde-her-turlu-tedbir-alindi-1.jpeg 2048w\" sizes=\"(max-width: 1024px) 100vw, 1024px\" \/><\/p>\n","protected":false},"excerpt":{"rendered":"<p>Sa\u011fl\u0131k Bakanl\u0131\u011f\u0131, Girne a\u00e7\u0131klar\u0131nda alabora olan gemideki yolculara m\u00fcdahale i\u00e7in hem limanda hem de hastanelerde her t\u00fcrl\u00fc tedbirin al\u0131nd\u0131\u011f\u0131n\u0131 duyurdu. Sa\u011fl\u0131k Bakanl\u0131\u011f\u0131\u2019n\u0131n a\u00e7\u0131klamas\u0131nda \u015funlar kaydedildi: Girne a\u00e7\u0131klar\u0131nda bir yolcu gemisinin alabora olmas\u0131 nedeniyle ya\u015fanan olay\u0131n ard\u0131ndan, ilk m\u00fcdahale ve sa\u011fl\u0131k hizmetlerinin en h\u0131zl\u0131 ve etkin \u015fekilde ger\u00e7ekle\u015ftirilebilmesi amac\u0131yla gerekli t\u00fcm haz\u0131rl\u0131klar yap\u0131lm\u0131\u015ft\u0131r. Sa\u011fl\u0131k Bakanl\u0131\u011f\u0131 olarak, &hellip;<\/p>\n","protected":false},"author":1,"featured_media":150316,"comment_status":"open","ping_status":"open","sticky":false,"template":"","format":"standard","meta":{"footnotes":""},"categories":[2],"tags":[415,1020,5665,8006,82,10881,577,1294,5176],"class_list":["post-150315","post","type-post","status-publish","format-standard","has-post-thumbnail","hentry","category-kibris","tag-alindi","tag-bakanligi","tag-hastanelerde","tag-hem","tag-her","tag-limanda","tag-saglik","tag-tedbir","tag-turlu"],"_links":{"self":[{"href":"https:\/\/www.kibrishost.com\/tak\/wp-json\/wp\/v2\/posts\/150315"}],"collection":[{"href":"https:\/\/www.kibrishost.com\/tak\/wp-json\/wp\/v2\/posts"}],"about":[{"href":"https:\/\/www.kibrishost.com\/tak\/wp-json\/wp\/v2\/types\/post"}],"author":[{"embeddable":true,"href":"https:\/\/www.kibrishost.com\/tak\/wp-json\/wp\/v2\/users\/1"}],"replies":[{"embeddable":true,"href":"https:\/\/www.kibrishost.com\/tak\/wp-json\/wp\/v2\/comments?post=150315"}],"version-history":[{"count":1,"href":"https:\/\/www.kibrishost.com\/tak\/wp-json\/wp\/v2\/posts\/150315\/revisions"}],"predecessor-version":[{"id":150318,"href":"https:\/\/www.kibrishost.com\/tak\/wp-json\/wp\/v2\/posts\/150315\/revisions\/150318"}],"wp:featuredmedia":[{"embeddable":true,"href":"https:\/\/www.kibrishost.com\/tak\/wp-json\/wp\/v2\/media\/150316"}],"wp:attachment":[{"href":"https:\/\/www.kibrishost.com\/tak\/wp-json\/wp\/v2\/media?parent=150315"}],"wp:term":[{"taxonomy":"category","embeddable":true,"href":"https:\/\/www.kibrishost.com\/tak\/wp-json\/wp\/v2\/categories?post=150315"},{"taxonomy":"post_tag","embeddable":true,"href":"https:\/\/www.kibrishost.com\/tak\/wp-json\/wp\/v2\/tags?post=150315"}],"curies":[{"name":"wp","href":"https:\/\/api.w.org\/{rel}","templated":true}]}}