{"id":150276,"date":"2026-08-30T11:40:41","date_gmt":"2026-08-30T08:40:41","guid":{"rendered":"https:\/\/www.kibrishost.com\/tak\/yilmaz-zafer-bayrami-mesajinda-vurguladi-30-agustos-milletimizin-iman-cesaret-ve-istiklal-iradesiyle-kazandigi-buyuk-bir-zaferdir\/"},"modified":"2026-08-30T11:40:41","modified_gmt":"2026-08-30T08:40:41","slug":"yilmaz-zafer-bayrami-mesajinda-vurguladi-30-agustos-milletimizin-iman-cesaret-ve-istiklal-iradesiyle-kazandigi-buyuk-bir-zaferdir","status":"publish","type":"post","link":"https:\/\/www.kibrishost.com\/tak\/yilmaz-zafer-bayrami-mesajinda-vurguladi-30-agustos-milletimizin-iman-cesaret-ve-istiklal-iradesiyle-kazandigi-buyuk-bir-zaferdir\/","title":{"rendered":"Y\u0131lmaz, Zafer Bayram\u0131 mesaj\u0131nda vurgulad\u0131: &#8220;30 A\u011fustos milletimizin iman, cesaret ve istiklal iradesiyle kazand\u0131\u011f\u0131 b\u00fcy\u00fck bir zaferdir&#8221;"},"content":{"rendered":"<p>T.C. Cumhurba\u015fkan\u0131 Yard\u0131mc\u0131s\u0131 Cevdet Y\u0131lmaz, &#8220;30 A\u011fustos; vatan\u0131na, bayra\u011f\u0131na ve mukaddesat\u0131na uzanan hayas\u0131z ellere kar\u015f\u0131 aziz milletimizin iman\u0131yla, cesaretiyle ve istiklal iradesiyle kazand\u0131\u011f\u0131 b\u00fcy\u00fck bir zaferdir. Emperyalist sald\u0131rganl\u0131\u011fa kar\u015f\u0131 mazlum milletlerin umudu olmu\u015f bir destand\u0131r.&#8221; ifadesini kulland\u0131.<\/p>\n<p>Y\u0131lmaz, NSosyal hesab\u0131ndan 30 A\u011fustos Zafer Bayram\u0131 dolay\u0131s\u0131yla mesaj yay\u0131mlad\u0131.<\/p>\n<p>Mesaj\u0131nda, &#8220;30 A\u011fustos; vatan\u0131na, bayra\u011f\u0131na ve mukaddesat\u0131na uzanan hayas\u0131z ellere kar\u015f\u0131 aziz milletimizin iman\u0131yla, cesaretiyle ve istiklal iradesiyle kazand\u0131\u011f\u0131 b\u00fcy\u00fck bir zaferdir. Emperyalist sald\u0131rganl\u0131\u011fa kar\u015f\u0131 mazlum milletlerin umudu olmu\u015f bir destand\u0131r&#8221; ifadesine yer veren Y\u0131lmaz, 1071&#8217;de Malazgirt&#8217;te a\u00e7\u0131lan kap\u0131n\u0131n bir daha asla kapat\u0131lamayaca\u011f\u0131n\u0131n, 1922&#8217;deki B\u00fcy\u00fck Taarruz ile tescil edildi\u011fini belirtti.<\/p>\n<p>Cumhurba\u015fkan\u0131 Yard\u0131mc\u0131s\u0131 Y\u0131lmaz, \u015funlar\u0131 kaydetti:<\/p>\n<p>&#8220;Bu topraklar\u0131 vatan k\u0131lan ruh, istiklalimiz s\u00f6z konusu oldu\u011funda hi\u00e7bir fedakarl\u0131ktan ka\u00e7\u0131nmayan milletimizin sars\u0131lmaz iradesinde, vatan sevgisinde ve ba\u011f\u0131ms\u0131z ya\u015fama azminde v\u00fccut bulmu\u015ftur. Ecdad\u0131m\u0131zdan devrald\u0131\u011f\u0131m\u0131z bu mukaddes emaneti ayn\u0131 inan\u00e7 ve kararl\u0131l\u0131kla gelece\u011fe ta\u015f\u0131mak, T\u00fcrkiye Y\u00fczy\u0131l\u0131&#8217;n\u0131 ayn\u0131 ruhla in\u015fa etmek, tarihimize ve aziz \u015fehitlerimizin hat\u0131ras\u0131na kar\u015f\u0131 en b\u00fcy\u00fck sorumlulu\u011fumuzdur.<\/p>\n<p>B\u00fcy\u00fck Zafer&#8217;in 104. y\u0131l d\u00f6n\u00fcm\u00fcnde Gazi Mustafa Kemal Atat\u00fcrk&#8217;\u00fc ve silah arkada\u015flar\u0131n\u0131, vatan u\u011fruna can veren aziz \u015fehitlerimizi ve kahraman gazilerimizi rahmet, minnet ve sayg\u0131yla yad ediyorum. 30 A\u011fustos Zafer Bayram\u0131m\u0131z kutlu olsun.&#8221;<\/p><\/p>\n","protected":false},"excerpt":{"rendered":"<p>T.C. Cumhurba\u015fkan\u0131 Yard\u0131mc\u0131s\u0131 Cevdet Y\u0131lmaz, &#8220;30 A\u011fustos; vatan\u0131na, bayra\u011f\u0131na ve mukaddesat\u0131na uzanan hayas\u0131z ellere kar\u015f\u0131 aziz milletimizin iman\u0131yla, cesaretiyle ve istiklal iradesiyle kazand\u0131\u011f\u0131 b\u00fcy\u00fck bir zaferdir. Emperyalist sald\u0131rganl\u0131\u011fa kar\u015f\u0131 mazlum milletlerin umudu olmu\u015f bir destand\u0131r.&#8221; ifadesini kulland\u0131. Y\u0131lmaz, NSosyal hesab\u0131ndan 30 A\u011fustos Zafer Bayram\u0131 dolay\u0131s\u0131yla mesaj yay\u0131mlad\u0131. Mesaj\u0131nda, &#8220;30 A\u011fustos; vatan\u0131na, bayra\u011f\u0131na ve mukaddesat\u0131na uzanan &hellip;<\/p>\n","protected":false},"author":1,"featured_media":150277,"comment_status":"open","ping_status":"open","sticky":false,"template":"","format":"standard","meta":{"footnotes":""},"categories":[3],"tags":[5000,23278,514,4654,64,170,1061,48599,32127,39420,9594,5090,3769,185,4653,30755],"class_list":["post-150276","post","type-post","status-publish","format-standard","has-post-thumbnail","hentry","category-turkiye","tag-5000","tag-istiklal","tag-agustos","tag-bayrami","tag-bir","tag-buyuk","tag-cesaret","tag-iman","tag-iradesiyle","tag-kazandigi","tag-mesajinda","tag-milletimizin","tag-vurguladi","tag-yilmaz","tag-zafer","tag-zaferdir"],"_links":{"self":[{"href":"https:\/\/www.kibrishost.com\/tak\/wp-json\/wp\/v2\/posts\/150276"}],"collection":[{"href":"https:\/\/www.kibrishost.com\/tak\/wp-json\/wp\/v2\/posts"}],"about":[{"href":"https:\/\/www.kibrishost.com\/tak\/wp-json\/wp\/v2\/types\/post"}],"author":[{"embeddable":true,"href":"https:\/\/www.kibrishost.com\/tak\/wp-json\/wp\/v2\/users\/1"}],"replies":[{"embeddable":true,"href":"https:\/\/www.kibrishost.com\/tak\/wp-json\/wp\/v2\/comments?post=150276"}],"version-history":[{"count":0,"href":"https:\/\/www.kibrishost.com\/tak\/wp-json\/wp\/v2\/posts\/150276\/revisions"}],"wp:featuredmedia":[{"embeddable":true,"href":"https:\/\/www.kibrishost.com\/tak\/wp-json\/wp\/v2\/media\/150277"}],"wp:attachment":[{"href":"https:\/\/www.kibrishost.com\/tak\/wp-json\/wp\/v2\/media?parent=150276"}],"wp:term":[{"taxonomy":"category","embeddable":true,"href":"https:\/\/www.kibrishost.com\/tak\/wp-json\/wp\/v2\/categories?post=150276"},{"taxonomy":"post_tag","embeddable":true,"href":"https:\/\/www.kibrishost.com\/tak\/wp-json\/wp\/v2\/tags?post=150276"}],"curies":[{"name":"wp","href":"https:\/\/api.w.org\/{rel}","templated":true}]}}