{"id":150256,"date":"2026-08-30T11:10:19","date_gmt":"2026-08-30T08:10:19","guid":{"rendered":"https:\/\/www.kibrishost.com\/tak\/30-agustos-zafer-bayrami-dolayisiyla-ataturk-anitinda-toren-duzenlendi\/"},"modified":"2026-08-30T11:10:38","modified_gmt":"2026-08-30T08:10:38","slug":"30-agustos-zafer-bayrami-dolayisiyla-ataturk-anitinda-toren-duzenlendi","status":"publish","type":"post","link":"https:\/\/www.kibrishost.com\/tak\/30-agustos-zafer-bayrami-dolayisiyla-ataturk-anitinda-toren-duzenlendi\/","title":{"rendered":"30 A\u011fustos Zafer Bayram\u0131 dolay\u0131s\u0131yla Atat\u00fcrk An\u0131t\u0131&#8217;nda t\u00f6ren d\u00fczenlendi"},"content":{"rendered":"<p>30 A\u011fustos Zafer Bayram\u0131\u2019n\u0131n 104\u2019\u00fcnc\u00fc y\u0131l d\u00f6n\u00fcm\u00fc kutlamalar\u0131 dolay\u0131s\u0131yla Lefko\u015fa Atat\u00fcrk An\u0131t\u0131 \u00f6n\u00fcnde t\u00f6ren d\u00fczenlendi.<\/p>\n<p>T\u00f6rene; Cumhurba\u015fkan\u0131 Tufan Erh\u00fcrman, Cumhuriyet Meclisi Ba\u015fkan\u0131 Ziya \u00d6zt\u00fcrkler, Ba\u015fbakan \u00dcnal \u00dcstel, Y\u00fcksek Mahkeme Ba\u015fkan\u0131 Bertan \u00d6zerda\u011f, 2. Cumhurba\u015fkan\u0131 Mehmet Ali Talat, T\u00fcrkiye Cumhuriyeti Lefko\u015fa B\u00fcy\u00fckel\u00e7isi Ali Murat Ba\u015f\u00e7eri, K\u0131br\u0131s T\u00fcrk Bar\u0131\u015f Kuvvetleri Komutan\u0131 Korgeneral Ertan \u0130naltekin, G\u00fcvvenlik Kuvvetleri Komutan\u0131 T\u00fcmgeneral \u015e\u00fckr\u00fc Bilir, Ana Muhalefet Cumhuriyet\u00e7i T\u00fcrk Partisi (CTP) Genel Ba\u015fkan\u0131 S\u0131la Usar \u0130ncirli, baz\u0131 bakan ve milletvekilleri ile Lefko\u015fa T\u00fcrk Belediyesi (LTB) Ba\u015fkan\u0131 Mehmet Harmanc\u0131 kat\u0131ld\u0131.<\/p>\n<p>T\u00f6rende, protokol s\u0131ras\u0131na g\u00f6re \u00e7elenklerin an\u0131ta sunulmas\u0131n\u0131n ard\u0131ndan sayg\u0131 duru\u015funda bulunuldu ve \u0130stiklal Mar\u015f\u0131 e\u015fli\u011finde bayraklar g\u00f6ndere \u00e7ekildi. T\u00f6ren,\u00a0Cumhurba\u015fkan\u0131 Tufan Erh\u00fcrman,\u00a0T\u00fcrkiye Cumhuriyeti Lefko\u015fa B\u00fcy\u00fckel\u00e7isi Ali Murat Ba\u015f\u00e7eri ve\u00a0K\u0131br\u0131s T\u00fcrk Bar\u0131\u015f Kuvvetleri Komutan\u0131 Korgeneral Ertan \u0130naltekin&#8217;in An\u0131t \u00d6zel Defteri\u2019nin imzalamas\u0131yla tamamland\u0131.<\/p>\n<p>-Erh\u00fcrman<\/p>\n<p>Cumhurba\u015fkan\u0131 Tufan Erh\u00fcrman, An\u0131t \u00d6zel Defteri\u2019ne \u015funlar\u0131 kaydetti:<\/p>\n<p>&#8220;Aziz Atat\u00fcrk,<\/p>\n<p>30 A\u011fustos Zafer Bayram\u0131\u2019n\u0131n 104\u2019\u00fcnc\u00fc y\u0131l\u0131nda sizi bir kez daha sevgi, sayg\u0131 ve b\u00fcy\u00fck bir \u00f6zlemle an\u0131yoruz.<\/p>\n<p>T\u00fcrk milletinin varolu\u015f m\u00fccadelesine \u00f6nderlik ederken ortaya koydu\u011funuz kararl\u0131l\u0131k, cesaret ve ileri g\u00f6r\u00fc\u015fl\u00fcl\u00fck, K\u0131br\u0131s T\u00fcrk halk\u0131n\u0131n verdi\u011fi varolu\u015f m\u00fccadelesine de y\u00f6n vermi\u015f, \u00f6rnek olmu\u015ftur.<\/p>\n<p>Emanet etti\u011finiz \u00e7a\u011fda\u015f de\u011ferler, ilke ve devrimleriniz, bizlere y\u0131llard\u0131r yol g\u00f6stermeye devam etmektedir.<\/p>\n<p>30 A\u011fustos 1922\u2019de kazand\u0131\u011f\u0131n\u0131z B\u00fcy\u00fck Zafer, tarihin ak\u0131\u015f\u0131n\u0131 de\u011fi\u015ftiren e\u015fsiz bir d\u00f6n\u00fcm noktas\u0131d\u0131r. K\u0131br\u0131s T\u00fcrk halk\u0131 olarak bizler de varolu\u015f m\u00fccadelemizde sizden ald\u0131\u011f\u0131m\u0131z ilhamla \u00f6zg\u00fcrl\u00fc\u011f\u00fcm\u00fcze, g\u00fcvenli\u011fimize ve gelece\u011fimize sahip \u00e7\u0131kmaya devam edece\u011fiz.<\/p>\n<p>Hedefimiz, bizlere miras b\u0131rakt\u0131\u011f\u0131n\u0131z \u00e7a\u011fda\u015f de\u011ferleri ya\u015fatarak daha ayd\u0131nl\u0131k bir gelecek in\u015fa etmektir. <\/p>\n<p>Bu anlaml\u0131 g\u00fcnde ba\u015fta siz olmak \u00fczere B\u00fcy\u00fck Zafer\u2019in kazan\u0131lmas\u0131 i\u00e7in canlar\u0131n\u0131 ortaya koyan aziz \u015fehitlerimizi, ebediyete intikal eden kahraman gazilerimizi rahmet, minnet ve sayg\u0131yla an\u0131yoruz.<\/p>\n<p>Aziz hat\u0131ran\u0131z ve t\u00fcm \u015fehitlerimizin manevi huzurunda sayg\u0131yla e\u011filiyor, 30 A\u011fustos Zafer Bayram\u0131\u2019n\u0131 b\u00fcy\u00fck bir gururla kutluyoruz.\u201d<\/p>\n<p>-Ba\u015f\u00e7eri<\/p>\n<p>T\u00fcrkiye Cumhuriyeti Lefko\u015fa B\u00fcy\u00fckel\u00e7isi Ali Murat Ba\u015f\u00e7eri, An\u0131t \u00d6zel Defteri\u2019ne \u015funlar\u0131 kaydetti:<\/p>\n<p>\u201cUlu \u00d6nder Atat\u00fcrk,<\/p>\n<p>Askeri dehan\u0131zla sevk ve idare etti\u011finiz \u015fanl\u0131 ordumuzun 30 A\u011fustos 1022\u2019de Dumlup\u0131nar\u2019sa d\u00fc\u015fman\u0131 bozguna u\u011fratt\u0131\u011f\u0131 Ba\u015fkomutanl\u0131k Meydan Muhaberesi Zaferi\u2019nin 104\u2019\u00fcnc\u00fc y\u0131ld\u00f6n\u00fcm\u00fcne eri\u015fti\u011fimiz bu kutlu g\u00fcnde, manevi huzurunuzda bulunmaktan b\u00fcy\u00fck bir onur duyuyoruz.<\/p>\n<p>Ba\u011f\u0131ms\u0131zl\u0131\u011f\u0131na d\u00fc\u015fk\u00fcn T\u00fcrk milleti, var\u0131n\u0131 yo\u011funu ordumuzun muzaffer olmas\u0131 i\u00e7in harcam\u0131\u015f, Mehmet\u00e7i\u011fimiz yurdumuzdaki ocaklar\u0131n s\u00f6nmemesi i\u00e7in can\u0131n\u0131 ortaya koymu\u015f, birlik ve beraberlik i\u00e7inde en \u00f6nemli zaferlerinden birini kazanm\u0131\u015ft\u0131r.<\/p>\n<p>26 A\u011fustos\u2019ta ba\u015flatt\u0131\u011f\u0131n\u0131z B\u00fcy\u00fck Taarruz\u2019un ard\u0131ndan kazand\u0131\u011f\u0131n\u0131z zaferle bizlere arma\u011fan etti\u011finiz vatan\u0131m\u0131zda, \u00fclkemizi sizin i\u015faret etti\u011finiz muas\u0131r medeniyet seviyesinin \u00fcst\u00fcne \u00e7\u0131karma hedefi do\u011frultusunda var g\u00fcc\u00fcm\u00fczle \u00e7al\u0131\u015f\u0131yoruz.<\/p>\n<p>\u201cHi\u00e7bir zafer ama\u00e7 de\u011fildir. Zafer ancak kendisinden daha b\u00fcy\u00fck bir amac\u0131 elde etmek i\u00e7in vas\u0131tad\u0131r.\u201d s\u00f6z\u00fcn\u00fczde belirtti\u011finiz \u00fczere, T\u00fcrk varl\u0131\u011f\u0131n\u0131 hem Anadolu\u2019da hem bu g\u00fczel Ada\u2019da korumak i\u00e7in bar\u0131\u015f i\u00e7inde ve m\u00fcreffeh bir gelecek hedefiyle yeni zaferler pe\u015finde ko\u015fuyor, T\u00fcrkiye Y\u00fczy\u0131l\u0131\u2019nda bilimden teknolojiye, ekonomiden sanayiye, e\u011fitimden k\u00fclt\u00fcre bir\u00e7ok alanda daha ileriye gitmeyi hedefliyoruz.<\/p>\n<p>Ay y\u0131ld\u0131z\u0131m\u0131z\u0131n simgeledi\u011fi parlak gelece\u011fe ula\u015fmak i\u00e7in bizlere sa\u011flam temeller b\u0131rakan 30 A\u011fustos Ba\u015fkomutanl\u0131k Meydan Muharebesi\u2019nin 104\u2019\u00fcnc\u00fc y\u0131ld\u00f6n\u00fcm\u00fcnde, bu b\u00fcy\u00fck zaferi T\u00fcrk milleti olarak co\u015fkuyla kutluyor, vatan\u0131m\u0131z u\u011fruna canlar\u0131n\u0131 feda eden t\u00fcm \u015fehitlerimize Allah\u2019tan rahmet, gazilerimize sa\u011fl\u0131kl\u0131 ve uzun \u00f6m\u00fcrler diliyor, aziz hat\u0131ran\u0131z \u00f6n\u00fcnde bir kez daha sayg\u0131 ve minnetle e\u011filiyoruz.\u201d<\/p>\n<p>-\u0130naltekin<\/p>\n<p>K\u0131br\u0131s T\u00fcrk Bar\u0131\u015f Kuvvetleri Komutan\u0131 Korgeneral Ertan \u0130naltekin, An\u0131t \u00d6zel Defteri\u2019ne \u015funlar\u0131 kaydetti:<\/p>\n<p>\u201cEbedi Ba\u015fkomutan Gazi Mustafa Kemal Atat\u00fcrk,<\/p>\n<p>Ruhunda hi\u00e7 s\u00f6nmeyen bir h\u00fcrriyet ate\u015fi yanan T\u00fcrk ulusunun b\u00fcy\u00fck \u00f6nderi olarak 19 May\u0131s 1919\u2019da ba\u015flatt\u0131\u011f\u0131n\u0131z g\u00f6rkemli m\u00fccadele, 104 y\u0131l \u00f6nce bug\u00fcn Ba\u015fkomutan Meydan Muhaberesi ile ta\u00e7lanm\u0131\u015f ve tarihin g\u00f6rd\u00fc\u011f\u00fc en b\u00fcy\u00fck zaferlerden birinin kazan\u0131lmas\u0131n\u0131 sa\u011flam\u0131\u015ft\u0131r.<\/p>\n<p>Kahraman milletimizin vatan sevgisinin, y\u0131k\u0131lmaz azim ve iradesinin bir eseri olan bu zafer, karakteri ba\u011f\u0131ms\u0131zl\u0131k olan asil milletimizin \u201cYa \u0130stiklal Ya \u00d6l\u00fcm!\u2019\u201d parolas\u0131yla vatan topraklar\u0131n\u0131n b\u00f6l\u00fcnmez b\u00fct\u00fcnl\u00fc\u011f\u00fcn\u00fc ve ba\u011f\u0131ms\u0131zl\u0131\u011f\u0131n\u0131 koruma konusundaki kararl\u0131l\u0131\u011f\u0131n\u0131 t\u00fcm d\u00fcnyaya g\u00f6stermi\u015ftir.<\/p>\n<p>30 A\u011fustos, ge\u00e7mi\u015fin \u015fanl\u0131 bir hat\u0131ras\u0131 olmas\u0131n\u0131n yan\u0131 s\u0131ra; ba\u011f\u0131ms\u0131zl\u0131\u011f\u0131m\u0131z\u0131n bedelinin hangi fedakarl\u0131klarla \u00f6dendi\u011fini hat\u0131rlatan bir gurur tablosudur. Bu anlaml\u0131 g\u00fcn, milletimizin birlik ve beraberlik i\u00e7inde oldu\u011fu s\u00fcrece a\u015famayaca\u011f\u0131 hi\u00e7bir engel olmad\u0131\u011f\u0131n\u0131 hepimize bir kez daha g\u00f6stermektedir.<\/p>\n<p>Bu \u015fanl\u0131 zaferi \u015feref madalyas\u0131 olarak y\u00fcre\u011finde ta\u015f\u0131yan kahraman T\u00fcrk ordusunun mensuplar\u0131 olarak bizler de \u00fclkemizin ve K\u0131br\u0131s T\u00fcrk halk\u0131n\u0131n g\u00fcvenli\u011finin teminat\u0131 olmaya devam ederek \u00fczerimize d\u00fc\u015fen g\u00f6revi ayn\u0131 azim ve kararl\u0131l\u0131kla s\u00fcrd\u00fcrece\u011fiz.<\/p>\n<p>Bu duygu ve d\u00fc\u015f\u00fcncelerle, \u015fanl\u0131 zaferimizin 104\u2019\u00fcnc\u00fc y\u0131ld\u00f6n\u00fcm\u00fcn\u00fc kutlaman\u0131n gurur ve sevinci i\u00e7erisinde az\u0131z hat\u0131ran\u0131z \u00f6n\u00fcnde sayg\u0131 ile e\u011filiyor, milli m\u00fccadelenin b\u00fct\u00fcn kahramanlar\u0131n\u0131, vatan\u0131m\u0131z\u0131n ba\u011f\u0131ms\u0131zl\u0131\u011f\u0131n\u0131 ve milletimizin gelece\u011fi u\u011fruna canlar\u0131n\u0131 feda eden aziz \u015fehitlerimizi rahmet, minnet ve \u015f\u00fckranla an\u0131yor, kahraman gazilerimize sa\u011fl\u0131k ve esenlikler diliyoruz.<\/p>\n<p>Ruhunuz \u015fad olsun.\u201d<\/p>\n<p>(FS\/\u00d6Z)\u00a0 \u00a0 \u00a0 \u00a0 \u00a0 \u00a0 \u00a0 \u00a0 \u00a0 \u00a0 \u00a0Foto\u011frafl\u0131<\/p>\n<p>Haber: Filiz Seyis<\/p>\n<\/p>\n<p><img decoding=\"async\" width=\"1024\" height=\"683\" src=\"https:\/\/www.kibrishost.com\/tak\/wp-content\/uploads\/2026\/08\/30-agustos-zafer-bayrami-dolayisiyla-ataturk-anitinda-toren-duzenlendi-1-1024x683.jpeg\" class=\"aligncenter wp-image-150258\" alt=\"30 A\u011fustos Zafer Bayram\u0131 dolay\u0131s\u0131yla Atat\u00fcrk An\u0131t\u0131&#039;nda t\u00f6ren d\u00fczenlendi\" loading=\"lazy\" srcset=\"https:\/\/www.kibrishost.com\/tak\/wp-content\/uploads\/2026\/08\/30-agustos-zafer-bayrami-dolayisiyla-ataturk-anitinda-toren-duzenlendi-1-1024x683.jpeg 1024w, https:\/\/www.kibrishost.com\/tak\/wp-content\/uploads\/2026\/08\/30-agustos-zafer-bayrami-dolayisiyla-ataturk-anitinda-toren-duzenlendi-1-300x200.jpeg 300w, https:\/\/www.kibrishost.com\/tak\/wp-content\/uploads\/2026\/08\/30-agustos-zafer-bayrami-dolayisiyla-ataturk-anitinda-toren-duzenlendi-1-768x512.jpeg 768w, https:\/\/www.kibrishost.com\/tak\/wp-content\/uploads\/2026\/08\/30-agustos-zafer-bayrami-dolayisiyla-ataturk-anitinda-toren-duzenlendi-1.jpeg 1500w\" sizes=\"(max-width: 1024px) 100vw, 1024px\" \/><\/p>\n<p><img decoding=\"async\" width=\"1024\" height=\"990\" src=\"https:\/\/www.kibrishost.com\/tak\/wp-content\/uploads\/2026\/08\/30-agustos-zafer-bayrami-dolayisiyla-ataturk-anitinda-toren-duzenlendi-2-1024x990.jpeg\" class=\"aligncenter wp-image-150259\" alt=\"30 A\u011fustos Zafer Bayram\u0131 dolay\u0131s\u0131yla Atat\u00fcrk An\u0131t\u0131&#039;nda t\u00f6ren d\u00fczenlendi\" loading=\"lazy\" srcset=\"https:\/\/www.kibrishost.com\/tak\/wp-content\/uploads\/2026\/08\/30-agustos-zafer-bayrami-dolayisiyla-ataturk-anitinda-toren-duzenlendi-2-1024x990.jpeg 1024w, https:\/\/www.kibrishost.com\/tak\/wp-content\/uploads\/2026\/08\/30-agustos-zafer-bayrami-dolayisiyla-ataturk-anitinda-toren-duzenlendi-2-300x290.jpeg 300w, https:\/\/www.kibrishost.com\/tak\/wp-content\/uploads\/2026\/08\/30-agustos-zafer-bayrami-dolayisiyla-ataturk-anitinda-toren-duzenlendi-2-768x743.jpeg 768w, https:\/\/www.kibrishost.com\/tak\/wp-content\/uploads\/2026\/08\/30-agustos-zafer-bayrami-dolayisiyla-ataturk-anitinda-toren-duzenlendi-2-1536x1485.jpeg 1536w, https:\/\/www.kibrishost.com\/tak\/wp-content\/uploads\/2026\/08\/30-agustos-zafer-bayrami-dolayisiyla-ataturk-anitinda-toren-duzenlendi-2.jpeg 1600w\" sizes=\"(max-width: 1024px) 100vw, 1024px\" \/><\/p>\n<p><img decoding=\"async\" width=\"1024\" height=\"683\" src=\"https:\/\/www.kibrishost.com\/tak\/wp-content\/uploads\/2026\/08\/30-agustos-zafer-bayrami-dolayisiyla-ataturk-anitinda-toren-duzenlendi-3-1024x683.jpeg\" class=\"aligncenter wp-image-150260\" alt=\"30 A\u011fustos Zafer Bayram\u0131 dolay\u0131s\u0131yla Atat\u00fcrk An\u0131t\u0131&#039;nda t\u00f6ren d\u00fczenlendi\" loading=\"lazy\" srcset=\"https:\/\/www.kibrishost.com\/tak\/wp-content\/uploads\/2026\/08\/30-agustos-zafer-bayrami-dolayisiyla-ataturk-anitinda-toren-duzenlendi-3-1024x683.jpeg 1024w, https:\/\/www.kibrishost.com\/tak\/wp-content\/uploads\/2026\/08\/30-agustos-zafer-bayrami-dolayisiyla-ataturk-anitinda-toren-duzenlendi-3-300x200.jpeg 300w, https:\/\/www.kibrishost.com\/tak\/wp-content\/uploads\/2026\/08\/30-agustos-zafer-bayrami-dolayisiyla-ataturk-anitinda-toren-duzenlendi-3-768x512.jpeg 768w, https:\/\/www.kibrishost.com\/tak\/wp-content\/uploads\/2026\/08\/30-agustos-zafer-bayrami-dolayisiyla-ataturk-anitinda-toren-duzenlendi-3.jpeg 1500w\" sizes=\"(max-width: 1024px) 100vw, 1024px\" \/><\/p>\n<p><img decoding=\"async\" width=\"1024\" height=\"683\" src=\"https:\/\/www.kibrishost.com\/tak\/wp-content\/uploads\/2026\/08\/30-agustos-zafer-bayrami-dolayisiyla-ataturk-anitinda-toren-duzenlendi-4-1024x683.jpeg\" class=\"aligncenter wp-image-150261\" alt=\"30 A\u011fustos Zafer Bayram\u0131 dolay\u0131s\u0131yla Atat\u00fcrk An\u0131t\u0131&#039;nda t\u00f6ren d\u00fczenlendi\" loading=\"lazy\" srcset=\"https:\/\/www.kibrishost.com\/tak\/wp-content\/uploads\/2026\/08\/30-agustos-zafer-bayrami-dolayisiyla-ataturk-anitinda-toren-duzenlendi-4-1024x683.jpeg 1024w, https:\/\/www.kibrishost.com\/tak\/wp-content\/uploads\/2026\/08\/30-agustos-zafer-bayrami-dolayisiyla-ataturk-anitinda-toren-duzenlendi-4-300x200.jpeg 300w, https:\/\/www.kibrishost.com\/tak\/wp-content\/uploads\/2026\/08\/30-agustos-zafer-bayrami-dolayisiyla-ataturk-anitinda-toren-duzenlendi-4-768x512.jpeg 768w, https:\/\/www.kibrishost.com\/tak\/wp-content\/uploads\/2026\/08\/30-agustos-zafer-bayrami-dolayisiyla-ataturk-anitinda-toren-duzenlendi-4.jpeg 1500w\" sizes=\"(max-width: 1024px) 100vw, 1024px\" \/><\/p>\n<p><img decoding=\"async\" width=\"1024\" height=\"683\" src=\"https:\/\/www.kibrishost.com\/tak\/wp-content\/uploads\/2026\/08\/30-agustos-zafer-bayrami-dolayisiyla-ataturk-anitinda-toren-duzenlendi-5-1024x683.jpeg\" class=\"aligncenter wp-image-150262\" alt=\"30 A\u011fustos Zafer Bayram\u0131 dolay\u0131s\u0131yla Atat\u00fcrk An\u0131t\u0131&#039;nda t\u00f6ren d\u00fczenlendi\" loading=\"lazy\" srcset=\"https:\/\/www.kibrishost.com\/tak\/wp-content\/uploads\/2026\/08\/30-agustos-zafer-bayrami-dolayisiyla-ataturk-anitinda-toren-duzenlendi-5-1024x683.jpeg 1024w, https:\/\/www.kibrishost.com\/tak\/wp-content\/uploads\/2026\/08\/30-agustos-zafer-bayrami-dolayisiyla-ataturk-anitinda-toren-duzenlendi-5-300x200.jpeg 300w, https:\/\/www.kibrishost.com\/tak\/wp-content\/uploads\/2026\/08\/30-agustos-zafer-bayrami-dolayisiyla-ataturk-anitinda-toren-duzenlendi-5-768x512.jpeg 768w, https:\/\/www.kibrishost.com\/tak\/wp-content\/uploads\/2026\/08\/30-agustos-zafer-bayrami-dolayisiyla-ataturk-anitinda-toren-duzenlendi-5.jpeg 1500w\" sizes=\"(max-width: 1024px) 100vw, 1024px\" \/><\/p>\n<p><img decoding=\"async\" width=\"1024\" height=\"749\" src=\"https:\/\/www.kibrishost.com\/tak\/wp-content\/uploads\/2026\/08\/30-agustos-zafer-bayrami-dolayisiyla-ataturk-anitinda-toren-duzenlendi-6-1024x749.jpeg\" class=\"aligncenter wp-image-150263\" alt=\"30 A\u011fustos Zafer Bayram\u0131 dolay\u0131s\u0131yla Atat\u00fcrk An\u0131t\u0131&#039;nda t\u00f6ren d\u00fczenlendi\" loading=\"lazy\" srcset=\"https:\/\/www.kibrishost.com\/tak\/wp-content\/uploads\/2026\/08\/30-agustos-zafer-bayrami-dolayisiyla-ataturk-anitinda-toren-duzenlendi-6-1024x749.jpeg 1024w, https:\/\/www.kibrishost.com\/tak\/wp-content\/uploads\/2026\/08\/30-agustos-zafer-bayrami-dolayisiyla-ataturk-anitinda-toren-duzenlendi-6-300x219.jpeg 300w, https:\/\/www.kibrishost.com\/tak\/wp-content\/uploads\/2026\/08\/30-agustos-zafer-bayrami-dolayisiyla-ataturk-anitinda-toren-duzenlendi-6-768x562.jpeg 768w, https:\/\/www.kibrishost.com\/tak\/wp-content\/uploads\/2026\/08\/30-agustos-zafer-bayrami-dolayisiyla-ataturk-anitinda-toren-duzenlendi-6-1536x1123.jpeg 1536w, https:\/\/www.kibrishost.com\/tak\/wp-content\/uploads\/2026\/08\/30-agustos-zafer-bayrami-dolayisiyla-ataturk-anitinda-toren-duzenlendi-6.jpeg 1600w\" sizes=\"(max-width: 1024px) 100vw, 1024px\" \/><\/p>\n<p><img decoding=\"async\" width=\"1024\" height=\"683\" src=\"https:\/\/www.kibrishost.com\/tak\/wp-content\/uploads\/2026\/08\/30-agustos-zafer-bayrami-dolayisiyla-ataturk-anitinda-toren-duzenlendi-7-1024x683.jpeg\" class=\"aligncenter wp-image-150264\" alt=\"30 A\u011fustos Zafer Bayram\u0131 dolay\u0131s\u0131yla Atat\u00fcrk An\u0131t\u0131&#039;nda t\u00f6ren d\u00fczenlendi\" loading=\"lazy\" srcset=\"https:\/\/www.kibrishost.com\/tak\/wp-content\/uploads\/2026\/08\/30-agustos-zafer-bayrami-dolayisiyla-ataturk-anitinda-toren-duzenlendi-7-1024x683.jpeg 1024w, https:\/\/www.kibrishost.com\/tak\/wp-content\/uploads\/2026\/08\/30-agustos-zafer-bayrami-dolayisiyla-ataturk-anitinda-toren-duzenlendi-7-300x200.jpeg 300w, https:\/\/www.kibrishost.com\/tak\/wp-content\/uploads\/2026\/08\/30-agustos-zafer-bayrami-dolayisiyla-ataturk-anitinda-toren-duzenlendi-7-768x512.jpeg 768w, https:\/\/www.kibrishost.com\/tak\/wp-content\/uploads\/2026\/08\/30-agustos-zafer-bayrami-dolayisiyla-ataturk-anitinda-toren-duzenlendi-7.jpeg 1500w\" sizes=\"(max-width: 1024px) 100vw, 1024px\" \/><\/p>\n<p><img decoding=\"async\" width=\"1024\" height=\"685\" src=\"https:\/\/www.kibrishost.com\/tak\/wp-content\/uploads\/2026\/08\/30-agustos-zafer-bayrami-dolayisiyla-ataturk-anitinda-toren-duzenlendi-8-1024x685.jpeg\" class=\"aligncenter wp-image-150265\" alt=\"30 A\u011fustos Zafer Bayram\u0131 dolay\u0131s\u0131yla Atat\u00fcrk An\u0131t\u0131&#039;nda t\u00f6ren d\u00fczenlendi\" loading=\"lazy\" srcset=\"https:\/\/www.kibrishost.com\/tak\/wp-content\/uploads\/2026\/08\/30-agustos-zafer-bayrami-dolayisiyla-ataturk-anitinda-toren-duzenlendi-8-1024x685.jpeg 1024w, https:\/\/www.kibrishost.com\/tak\/wp-content\/uploads\/2026\/08\/30-agustos-zafer-bayrami-dolayisiyla-ataturk-anitinda-toren-duzenlendi-8-300x201.jpeg 300w, https:\/\/www.kibrishost.com\/tak\/wp-content\/uploads\/2026\/08\/30-agustos-zafer-bayrami-dolayisiyla-ataturk-anitinda-toren-duzenlendi-8-768x514.jpeg 768w, https:\/\/www.kibrishost.com\/tak\/wp-content\/uploads\/2026\/08\/30-agustos-zafer-bayrami-dolayisiyla-ataturk-anitinda-toren-duzenlendi-8.jpeg 1380w\" sizes=\"(max-width: 1024px) 100vw, 1024px\" \/><\/p>\n<p><img decoding=\"async\" width=\"1024\" height=\"683\" src=\"https:\/\/www.kibrishost.com\/tak\/wp-content\/uploads\/2026\/08\/30-agustos-zafer-bayrami-dolayisiyla-ataturk-anitinda-toren-duzenlendi-9-1024x683.jpeg\" class=\"aligncenter wp-image-150266\" alt=\"30 A\u011fustos Zafer Bayram\u0131 dolay\u0131s\u0131yla Atat\u00fcrk An\u0131t\u0131&#039;nda t\u00f6ren d\u00fczenlendi\" loading=\"lazy\" srcset=\"https:\/\/www.kibrishost.com\/tak\/wp-content\/uploads\/2026\/08\/30-agustos-zafer-bayrami-dolayisiyla-ataturk-anitinda-toren-duzenlendi-9-1024x683.jpeg 1024w, https:\/\/www.kibrishost.com\/tak\/wp-content\/uploads\/2026\/08\/30-agustos-zafer-bayrami-dolayisiyla-ataturk-anitinda-toren-duzenlendi-9-300x200.jpeg 300w, https:\/\/www.kibrishost.com\/tak\/wp-content\/uploads\/2026\/08\/30-agustos-zafer-bayrami-dolayisiyla-ataturk-anitinda-toren-duzenlendi-9-768x512.jpeg 768w, https:\/\/www.kibrishost.com\/tak\/wp-content\/uploads\/2026\/08\/30-agustos-zafer-bayrami-dolayisiyla-ataturk-anitinda-toren-duzenlendi-9.jpeg 1500w\" sizes=\"(max-width: 1024px) 100vw, 1024px\" \/><\/p>\n<p><img decoding=\"async\" width=\"1024\" height=\"683\" src=\"https:\/\/www.kibrishost.com\/tak\/wp-content\/uploads\/2026\/08\/30-agustos-zafer-bayrami-dolayisiyla-ataturk-anitinda-toren-duzenlendi-10-1024x683.jpeg\" class=\"aligncenter wp-image-150267\" alt=\"30 A\u011fustos Zafer Bayram\u0131 dolay\u0131s\u0131yla Atat\u00fcrk An\u0131t\u0131&#039;nda t\u00f6ren d\u00fczenlendi\" loading=\"lazy\" srcset=\"https:\/\/www.kibrishost.com\/tak\/wp-content\/uploads\/2026\/08\/30-agustos-zafer-bayrami-dolayisiyla-ataturk-anitinda-toren-duzenlendi-10-1024x683.jpeg 1024w, https:\/\/www.kibrishost.com\/tak\/wp-content\/uploads\/2026\/08\/30-agustos-zafer-bayrami-dolayisiyla-ataturk-anitinda-toren-duzenlendi-10-300x200.jpeg 300w, https:\/\/www.kibrishost.com\/tak\/wp-content\/uploads\/2026\/08\/30-agustos-zafer-bayrami-dolayisiyla-ataturk-anitinda-toren-duzenlendi-10-768x512.jpeg 768w, https:\/\/www.kibrishost.com\/tak\/wp-content\/uploads\/2026\/08\/30-agustos-zafer-bayrami-dolayisiyla-ataturk-anitinda-toren-duzenlendi-10.jpeg 1500w\" sizes=\"(max-width: 1024px) 100vw, 1024px\" \/><\/p>\n<p><img decoding=\"async\" width=\"1024\" height=\"739\" src=\"https:\/\/www.kibrishost.com\/tak\/wp-content\/uploads\/2026\/08\/30-agustos-zafer-bayrami-dolayisiyla-ataturk-anitinda-toren-duzenlendi-11-1024x739.jpeg\" class=\"aligncenter wp-image-150268\" alt=\"30 A\u011fustos Zafer Bayram\u0131 dolay\u0131s\u0131yla Atat\u00fcrk An\u0131t\u0131&#039;nda t\u00f6ren d\u00fczenlendi\" loading=\"lazy\" srcset=\"https:\/\/www.kibrishost.com\/tak\/wp-content\/uploads\/2026\/08\/30-agustos-zafer-bayrami-dolayisiyla-ataturk-anitinda-toren-duzenlendi-11-1024x739.jpeg 1024w, https:\/\/www.kibrishost.com\/tak\/wp-content\/uploads\/2026\/08\/30-agustos-zafer-bayrami-dolayisiyla-ataturk-anitinda-toren-duzenlendi-11-300x216.jpeg 300w, https:\/\/www.kibrishost.com\/tak\/wp-content\/uploads\/2026\/08\/30-agustos-zafer-bayrami-dolayisiyla-ataturk-anitinda-toren-duzenlendi-11-768x554.jpeg 768w, https:\/\/www.kibrishost.com\/tak\/wp-content\/uploads\/2026\/08\/30-agustos-zafer-bayrami-dolayisiyla-ataturk-anitinda-toren-duzenlendi-11.jpeg 1282w\" sizes=\"(max-width: 1024px) 100vw, 1024px\" \/><\/p>\n<p><img decoding=\"async\" width=\"1024\" height=\"683\" src=\"https:\/\/www.kibrishost.com\/tak\/wp-content\/uploads\/2026\/08\/30-agustos-zafer-bayrami-dolayisiyla-ataturk-anitinda-toren-duzenlendi-12-1024x683.jpeg\" class=\"aligncenter wp-image-150269\" alt=\"30 A\u011fustos Zafer Bayram\u0131 dolay\u0131s\u0131yla Atat\u00fcrk An\u0131t\u0131&#039;nda t\u00f6ren d\u00fczenlendi\" loading=\"lazy\" srcset=\"https:\/\/www.kibrishost.com\/tak\/wp-content\/uploads\/2026\/08\/30-agustos-zafer-bayrami-dolayisiyla-ataturk-anitinda-toren-duzenlendi-12-1024x683.jpeg 1024w, https:\/\/www.kibrishost.com\/tak\/wp-content\/uploads\/2026\/08\/30-agustos-zafer-bayrami-dolayisiyla-ataturk-anitinda-toren-duzenlendi-12-300x200.jpeg 300w, https:\/\/www.kibrishost.com\/tak\/wp-content\/uploads\/2026\/08\/30-agustos-zafer-bayrami-dolayisiyla-ataturk-anitinda-toren-duzenlendi-12-768x512.jpeg 768w, https:\/\/www.kibrishost.com\/tak\/wp-content\/uploads\/2026\/08\/30-agustos-zafer-bayrami-dolayisiyla-ataturk-anitinda-toren-duzenlendi-12.jpeg 1500w\" sizes=\"(max-width: 1024px) 100vw, 1024px\" \/><\/p>\n<p><img decoding=\"async\" width=\"1024\" height=\"768\" src=\"https:\/\/www.kibrishost.com\/tak\/wp-content\/uploads\/2026\/08\/30-agustos-zafer-bayrami-dolayisiyla-ataturk-anitinda-toren-duzenlendi-13-1024x768.jpeg\" class=\"aligncenter wp-image-150270\" alt=\"30 A\u011fustos Zafer Bayram\u0131 dolay\u0131s\u0131yla Atat\u00fcrk An\u0131t\u0131&#039;nda t\u00f6ren d\u00fczenlendi\" loading=\"lazy\" srcset=\"https:\/\/www.kibrishost.com\/tak\/wp-content\/uploads\/2026\/08\/30-agustos-zafer-bayrami-dolayisiyla-ataturk-anitinda-toren-duzenlendi-13-1024x768.jpeg 1024w, https:\/\/www.kibrishost.com\/tak\/wp-content\/uploads\/2026\/08\/30-agustos-zafer-bayrami-dolayisiyla-ataturk-anitinda-toren-duzenlendi-13-300x225.jpeg 300w, https:\/\/www.kibrishost.com\/tak\/wp-content\/uploads\/2026\/08\/30-agustos-zafer-bayrami-dolayisiyla-ataturk-anitinda-toren-duzenlendi-13-768x576.jpeg 768w, https:\/\/www.kibrishost.com\/tak\/wp-content\/uploads\/2026\/08\/30-agustos-zafer-bayrami-dolayisiyla-ataturk-anitinda-toren-duzenlendi-13-1536x1152.jpeg 1536w, https:\/\/www.kibrishost.com\/tak\/wp-content\/uploads\/2026\/08\/30-agustos-zafer-bayrami-dolayisiyla-ataturk-anitinda-toren-duzenlendi-13.jpeg 2000w\" sizes=\"(max-width: 1024px) 100vw, 1024px\" \/><\/p>\n","protected":false},"excerpt":{"rendered":"<p>30 A\u011fustos Zafer Bayram\u0131\u2019n\u0131n 104\u2019\u00fcnc\u00fc y\u0131l d\u00f6n\u00fcm\u00fc kutlamalar\u0131 dolay\u0131s\u0131yla Lefko\u015fa Atat\u00fcrk An\u0131t\u0131 \u00f6n\u00fcnde t\u00f6ren d\u00fczenlendi. T\u00f6rene; Cumhurba\u015fkan\u0131 Tufan Erh\u00fcrman, Cumhuriyet Meclisi Ba\u015fkan\u0131 Ziya \u00d6zt\u00fcrkler, Ba\u015fbakan \u00dcnal \u00dcstel, Y\u00fcksek Mahkeme Ba\u015fkan\u0131 Bertan \u00d6zerda\u011f, 2. Cumhurba\u015fkan\u0131 Mehmet Ali Talat, T\u00fcrkiye Cumhuriyeti Lefko\u015fa B\u00fcy\u00fckel\u00e7isi Ali Murat Ba\u015f\u00e7eri, K\u0131br\u0131s T\u00fcrk Bar\u0131\u015f Kuvvetleri Komutan\u0131 Korgeneral Ertan \u0130naltekin, G\u00fcvvenlik Kuvvetleri Komutan\u0131 &hellip;<\/p>\n","protected":false},"author":1,"featured_media":150257,"comment_status":"open","ping_status":"open","sticky":false,"template":"","format":"standard","meta":{"footnotes":""},"categories":[2],"tags":[514,5136,3921,4654,4291,467,3201,4653],"class_list":["post-150256","post","type-post","status-publish","format-standard","has-post-thumbnail","hentry","category-kibris","tag-agustos","tag-anitinda","tag-ataturk","tag-bayrami","tag-dolayisiyla","tag-duzenlendi","tag-toren","tag-zafer"],"_links":{"self":[{"href":"https:\/\/www.kibrishost.com\/tak\/wp-json\/wp\/v2\/posts\/150256"}],"collection":[{"href":"https:\/\/www.kibrishost.com\/tak\/wp-json\/wp\/v2\/posts"}],"about":[{"href":"https:\/\/www.kibrishost.com\/tak\/wp-json\/wp\/v2\/types\/post"}],"author":[{"embeddable":true,"href":"https:\/\/www.kibrishost.com\/tak\/wp-json\/wp\/v2\/users\/1"}],"replies":[{"embeddable":true,"href":"https:\/\/www.kibrishost.com\/tak\/wp-json\/wp\/v2\/comments?post=150256"}],"version-history":[{"count":1,"href":"https:\/\/www.kibrishost.com\/tak\/wp-json\/wp\/v2\/posts\/150256\/revisions"}],"predecessor-version":[{"id":150271,"href":"https:\/\/www.kibrishost.com\/tak\/wp-json\/wp\/v2\/posts\/150256\/revisions\/150271"}],"wp:featuredmedia":[{"embeddable":true,"href":"https:\/\/www.kibrishost.com\/tak\/wp-json\/wp\/v2\/media\/150257"}],"wp:attachment":[{"href":"https:\/\/www.kibrishost.com\/tak\/wp-json\/wp\/v2\/media?parent=150256"}],"wp:term":[{"taxonomy":"category","embeddable":true,"href":"https:\/\/www.kibrishost.com\/tak\/wp-json\/wp\/v2\/categories?post=150256"},{"taxonomy":"post_tag","embeddable":true,"href":"https:\/\/www.kibrishost.com\/tak\/wp-json\/wp\/v2\/tags?post=150256"}],"curies":[{"name":"wp","href":"https:\/\/api.w.org\/{rel}","templated":true}]}}