{"id":150252,"date":"2026-08-30T10:40:20","date_gmt":"2026-08-30T07:40:20","guid":{"rendered":"https:\/\/www.kibrishost.com\/tak\/tacoy-hem-yerel-hem-de-genel-secime-hazir-olduklarini-kaydetti\/"},"modified":"2026-08-30T10:40:20","modified_gmt":"2026-08-30T07:40:20","slug":"tacoy-hem-yerel-hem-de-genel-secime-hazir-olduklarini-kaydetti","status":"publish","type":"post","link":"https:\/\/www.kibrishost.com\/tak\/tacoy-hem-yerel-hem-de-genel-secime-hazir-olduklarini-kaydetti\/","title":{"rendered":"Ta\u00e7oy hem yerel, hem de genel se\u00e7ime haz\u0131r olduklar\u0131n\u0131 kaydetti"},"content":{"rendered":"<p>Ulusal Birlik Partisi (UBP) Lefko\u015fa Milletvekili Hasan Ta\u00e7oy, \u00a0g\u00fc\u00e7l\u00fc bir \u00f6rg\u00fctsel kenetlenme ile Lefko\u015fa il\u00e7esi olarak hem yerel se\u00e7ime hem de genel se\u00e7ime haz\u0131r olduklar\u0131n\u0131 kaydetti.<\/p>\n<p>Ta\u00e7oy yaz\u0131l\u0131 a\u00e7\u0131klamas\u0131nda, \u201cBir yandan G\u00f6nyeli-Alayk\u00f6y\u2019deki ba\u015far\u0131 halkas\u0131n\u0131 Lefko\u015fa T\u00fcrk Belediyesi ve De\u011firmenlik-Ak\u0131nc\u0131lar Belediyesi ile b\u00fcy\u00fctece\u011fiz. Di\u011fer yandan UBP\u2019yi g\u00fc\u00e7l\u00fc bir halk deste\u011fiyle yeniden birinci parti olarak iktidara ta\u015f\u0131yaca\u011f\u0131z.\u201d dedi.<\/p>\n<p>G\u00fcn\u00fcn k\u0131rg\u0131nl\u0131klar\u0131, k\u00fcsk\u00fcnl\u00fckleri ve ki\u015fisel hesaplar\u0131 bir kenara b\u0131rakma; kenetlenme ve birlik olma g\u00fcn\u00fc oldu\u011funu belirten Ta\u00e7oy a\u00e7\u0131klamas\u0131nda \u015fu ifadelere de yer verdi:<\/p>\n<p>\u201cG\u00fcney K\u0131br\u0131s\u2019ta y\u00fckselen milliyet\u00e7ilik kar\u015f\u0131s\u0131nda toplumsal g\u00fcc\u00fcm\u00fcz\u00fc birle\u015ftirecek, halk\u0131m\u0131z\u0131n haklar\u0131n\u0131 hep birlikte savunaca\u011f\u0131z. El ele verecek, \u00fclkemizi g\u00fcvenli ve ayd\u0131nl\u0131k yar\u0131nlara ta\u015f\u0131yaca\u011f\u0131z.<\/p>\n<p>Lefko\u015fa T\u00fcrk Belediyesi Ba\u015fkan aday\u0131m\u0131z Mehmet Aktun\u00e7; gen\u00e7li\u011fi, dinamizmi, enerjisi ve mimarl\u0131k birikimiyle ba\u015fkentimizi yeniden aya\u011fa kald\u0131rmaya haz\u0131rd\u0131r. Lefko\u015fa\u2019y\u0131 plans\u0131zl\u0131ktan kurtaracak, ge\u00e7mi\u015finden g\u00fc\u00e7 alan ve gelece\u011fe g\u00fcvenle bakan bir ba\u015fkent yaratacak projeler \u00fczerindeki \u00e7al\u0131\u015fmalar\u0131na g\u00fcveniyoruz. Ki\u015fisel olarak da bu inan\u00e7la Mehmet Aktun\u00e7\u2019a g\u00fcvenim ve deste\u011fim tamd\u0131r.\u201d<\/p>\n<\/p>\n<p>\u00a0<\/p><\/p>\n","protected":false},"excerpt":{"rendered":"<p>Ulusal Birlik Partisi (UBP) Lefko\u015fa Milletvekili Hasan Ta\u00e7oy, \u00a0g\u00fc\u00e7l\u00fc bir \u00f6rg\u00fctsel kenetlenme ile Lefko\u015fa il\u00e7esi olarak hem yerel se\u00e7ime hem de genel se\u00e7ime haz\u0131r olduklar\u0131n\u0131 kaydetti. Ta\u00e7oy yaz\u0131l\u0131 a\u00e7\u0131klamas\u0131nda, \u201cBir yandan G\u00f6nyeli-Alayk\u00f6y\u2019deki ba\u015far\u0131 halkas\u0131n\u0131 Lefko\u015fa T\u00fcrk Belediyesi ve De\u011firmenlik-Ak\u0131nc\u0131lar Belediyesi ile b\u00fcy\u00fctece\u011fiz. Di\u011fer yandan UBP\u2019yi g\u00fc\u00e7l\u00fc bir halk deste\u011fiyle yeniden birinci parti olarak iktidara ta\u015f\u0131yaca\u011f\u0131z.\u201d &hellip;<\/p>\n","protected":false},"author":1,"featured_media":150253,"comment_status":"open","ping_status":"open","sticky":false,"template":"","format":"standard","meta":{"footnotes":""},"categories":[2],"tags":[493,1814,8006,1742,2198,10571,1716,1873],"class_list":["post-150252","post","type-post","status-publish","format-standard","has-post-thumbnail","hentry","category-kibris","tag-genel","tag-hazir","tag-hem","tag-kaydetti","tag-olduklarini","tag-secime","tag-tacoy","tag-yerel"],"_links":{"self":[{"href":"https:\/\/www.kibrishost.com\/tak\/wp-json\/wp\/v2\/posts\/150252"}],"collection":[{"href":"https:\/\/www.kibrishost.com\/tak\/wp-json\/wp\/v2\/posts"}],"about":[{"href":"https:\/\/www.kibrishost.com\/tak\/wp-json\/wp\/v2\/types\/post"}],"author":[{"embeddable":true,"href":"https:\/\/www.kibrishost.com\/tak\/wp-json\/wp\/v2\/users\/1"}],"replies":[{"embeddable":true,"href":"https:\/\/www.kibrishost.com\/tak\/wp-json\/wp\/v2\/comments?post=150252"}],"version-history":[{"count":0,"href":"https:\/\/www.kibrishost.com\/tak\/wp-json\/wp\/v2\/posts\/150252\/revisions"}],"wp:featuredmedia":[{"embeddable":true,"href":"https:\/\/www.kibrishost.com\/tak\/wp-json\/wp\/v2\/media\/150253"}],"wp:attachment":[{"href":"https:\/\/www.kibrishost.com\/tak\/wp-json\/wp\/v2\/media?parent=150252"}],"wp:term":[{"taxonomy":"category","embeddable":true,"href":"https:\/\/www.kibrishost.com\/tak\/wp-json\/wp\/v2\/categories?post=150252"},{"taxonomy":"post_tag","embeddable":true,"href":"https:\/\/www.kibrishost.com\/tak\/wp-json\/wp\/v2\/tags?post=150252"}],"curies":[{"name":"wp","href":"https:\/\/api.w.org\/{rel}","templated":true}]}}