{"id":150085,"date":"2026-08-29T13:40:34","date_gmt":"2026-08-29T10:40:34","guid":{"rendered":"https:\/\/www.kibrishost.com\/tak\/16-%e2%81%a0-%e2%81%a0uluslararasi-lefkosa-halk-danslari-festivalinin-bu-aksamki-gosterileri-iptal-edildi\/"},"modified":"2026-08-29T13:40:34","modified_gmt":"2026-08-29T10:40:34","slug":"16-%e2%81%a0-%e2%81%a0uluslararasi-lefkosa-halk-danslari-festivalinin-bu-aksamki-gosterileri-iptal-edildi","status":"publish","type":"post","link":"https:\/\/www.kibrishost.com\/tak\/16-%e2%81%a0-%e2%81%a0uluslararasi-lefkosa-halk-danslari-festivalinin-bu-aksamki-gosterileri-iptal-edildi\/","title":{"rendered":"16.\u2060 \u2060Uluslararas\u0131 Lefko\u015fa Halk Danslar\u0131 Festivali\u2019nin bu ak\u015famki g\u00f6sterileri iptal edildi"},"content":{"rendered":"<p>Uluslararas\u0131 Lefko\u015fa Halk Danslar\u0131 Festivali kapsam\u0131nda bu ak\u015fam K\u0131z\u0131lba\u015f Park\u0131\u2019nda ger\u00e7ekle\u015ftirilmesi planlanan g\u00f6steriler, yo\u011fun ya\u011f\u0131\u015f ve f\u0131rt\u0131na riski nedeniyle iptal edildi.<\/p>\n<p>16.\u2060 \u2060Uluslararas\u0131 Lefko\u015fa Halk Danslar\u0131 Festivali Organizasyon Komitesi taraf\u0131ndan yap\u0131lan a\u00e7\u0131klama \u015f\u00f6yle;<\/p>\n<p>\u201cKat\u0131l\u0131mc\u0131lar\u0131m\u0131z\u0131n, dans\u00e7\u0131lar\u0131m\u0131z\u0131n ve izleyicilerimizin g\u00fcvenli\u011fini \u00f6n planda tutarak al\u0131nan bu karar i\u00e7in anlay\u0131\u015f\u0131n\u0131za te\u015fekk\u00fcr ederiz. Festival program\u0131m\u0131zla ilgili g\u00fcncel geli\u015fmeler ve sonraki etkinlikler sosyal medya hesaplar\u0131m\u0131z \u00fczerinden payla\u015f\u0131lacakt\u0131r.\u201d<\/p>\n<\/p>\n<p>(AK\/\u00d6Z)\u00a0<\/p><\/p>\n","protected":false},"excerpt":{"rendered":"<p>Uluslararas\u0131 Lefko\u015fa Halk Danslar\u0131 Festivali kapsam\u0131nda bu ak\u015fam K\u0131z\u0131lba\u015f Park\u0131\u2019nda ger\u00e7ekle\u015ftirilmesi planlanan g\u00f6steriler, yo\u011fun ya\u011f\u0131\u015f ve f\u0131rt\u0131na riski nedeniyle iptal edildi. 16.\u2060 \u2060Uluslararas\u0131 Lefko\u015fa Halk Danslar\u0131 Festivali Organizasyon Komitesi taraf\u0131ndan yap\u0131lan a\u00e7\u0131klama \u015f\u00f6yle; \u201cKat\u0131l\u0131mc\u0131lar\u0131m\u0131z\u0131n, dans\u00e7\u0131lar\u0131m\u0131z\u0131n ve izleyicilerimizin g\u00fcvenli\u011fini \u00f6n planda tutarak al\u0131nan bu karar i\u00e7in anlay\u0131\u015f\u0131n\u0131za te\u015fekk\u00fcr ederiz. Festival program\u0131m\u0131zla ilgili g\u00fcncel geli\u015fmeler ve sonraki &hellip;<\/p>\n","protected":false},"author":1,"featured_media":150086,"comment_status":"open","ping_status":"open","sticky":false,"template":"","format":"standard","meta":{"footnotes":""},"categories":[2],"tags":[56,5220,11491,1734,405,23528,1095,110,380,1940],"class_list":["post-150085","post","type-post","status-publish","format-standard","has-post-thumbnail","hentry","category-kibris","tag-lefkosa","tag-5220","tag-aksamki","tag-danslari","tag-edildi","tag-festivalinin","tag-gosterileri","tag-halk","tag-iptal","tag-uluslararasi"],"_links":{"self":[{"href":"https:\/\/www.kibrishost.com\/tak\/wp-json\/wp\/v2\/posts\/150085"}],"collection":[{"href":"https:\/\/www.kibrishost.com\/tak\/wp-json\/wp\/v2\/posts"}],"about":[{"href":"https:\/\/www.kibrishost.com\/tak\/wp-json\/wp\/v2\/types\/post"}],"author":[{"embeddable":true,"href":"https:\/\/www.kibrishost.com\/tak\/wp-json\/wp\/v2\/users\/1"}],"replies":[{"embeddable":true,"href":"https:\/\/www.kibrishost.com\/tak\/wp-json\/wp\/v2\/comments?post=150085"}],"version-history":[{"count":0,"href":"https:\/\/www.kibrishost.com\/tak\/wp-json\/wp\/v2\/posts\/150085\/revisions"}],"wp:featuredmedia":[{"embeddable":true,"href":"https:\/\/www.kibrishost.com\/tak\/wp-json\/wp\/v2\/media\/150086"}],"wp:attachment":[{"href":"https:\/\/www.kibrishost.com\/tak\/wp-json\/wp\/v2\/media?parent=150085"}],"wp:term":[{"taxonomy":"category","embeddable":true,"href":"https:\/\/www.kibrishost.com\/tak\/wp-json\/wp\/v2\/categories?post=150085"},{"taxonomy":"post_tag","embeddable":true,"href":"https:\/\/www.kibrishost.com\/tak\/wp-json\/wp\/v2\/tags?post=150085"}],"curies":[{"name":"wp","href":"https:\/\/api.w.org\/{rel}","templated":true}]}}