{"id":150078,"date":"2026-08-29T13:40:12","date_gmt":"2026-08-29T10:40:12","guid":{"rendered":"https:\/\/www.kibrishost.com\/tak\/yunanistanin-bazi-bolgelerinde-yangin-riski-en-yuksek-kategoriye-yukseltildi\/"},"modified":"2026-08-29T13:40:12","modified_gmt":"2026-08-29T10:40:12","slug":"yunanistanin-bazi-bolgelerinde-yangin-riski-en-yuksek-kategoriye-yukseltildi","status":"publish","type":"post","link":"https:\/\/www.kibrishost.com\/tak\/yunanistanin-bazi-bolgelerinde-yangin-riski-en-yuksek-kategoriye-yukseltildi\/","title":{"rendered":"Yunanistan&#8217;\u0131n baz\u0131 b\u00f6lgelerinde yang\u0131n riski en y\u00fcksek kategoriye y\u00fckseltildi"},"content":{"rendered":"<p>Yunanistan&#8217;da Girit ile G\u00fcney Ege adalar\u0131n\u0131n baz\u0131 b\u00f6lgelerinde yang\u0131n riskinin, en y\u00fcksek kategorisi olan &#8220;5. seviyeye&#8221; \u00e7\u0131kar\u0131ld\u0131\u011f\u0131 bildirildi.<\/p>\n<p>Sivil Koruma Genel Sekreterli\u011finin yang\u0131n risk haritas\u0131na g\u00f6re, Girit&#8217;in tamam\u0131 ile G\u00fcney Ege&#8217;deki Rodos ve Kerpe 5. seviyeye y\u00fckseltildi.<\/p>\n<p>Attika, E\u011friboz, Midilli, Sak\u0131z, Sisam, \u0130karya, Kiklad Adalar\u0131, Kalimnos, \u0130stank\u00f6y ve Lakonya&#8217;da ise yang\u0131n riski &#8220;\u00e7ok y\u00fcksek&#8221; kategorisi olan 4. seviyede bulunuyor.<\/p>\n<p>Yetkililer, \u00f6zellikle a\u015f\u0131r\u0131 ve \u00e7ok y\u00fcksek risk bulunan b\u00f6lgelerde ilgili kurum, belediye ve b\u00f6lge y\u00f6netimlerinden haz\u0131rl\u0131k seviyesini art\u0131rmalar\u0131n\u0131 istedi.<\/p>\n<p>Kuvvetli r\u00fczgarlar\u0131n yer yer 8 bofora kadar \u00e7\u0131kmas\u0131 beklenirken bu durumun yang\u0131nla m\u00fccadele ko\u015fullar\u0131n\u0131 zorla\u015ft\u0131rabilece\u011fi belirtiliyor.<\/p>\n<p>Vatanda\u015flara kuru ot ve dal yakmamalar\u0131, k\u0131v\u0131lc\u0131m \u00e7\u0131karabilecek makineleri a\u00e7\u0131k alanda kullanmamalar\u0131 \u00e7a\u011fr\u0131s\u0131nda bulunuldu.<\/p><\/p>\n","protected":false},"excerpt":{"rendered":"<p>Yunanistan&#8217;da Girit ile G\u00fcney Ege adalar\u0131n\u0131n baz\u0131 b\u00f6lgelerinde yang\u0131n riskinin, en y\u00fcksek kategorisi olan &#8220;5. seviyeye&#8221; \u00e7\u0131kar\u0131ld\u0131\u011f\u0131 bildirildi. Sivil Koruma Genel Sekreterli\u011finin yang\u0131n risk haritas\u0131na g\u00f6re, Girit&#8217;in tamam\u0131 ile G\u00fcney Ege&#8217;deki Rodos ve Kerpe 5. seviyeye y\u00fckseltildi. Attika, E\u011friboz, Midilli, Sak\u0131z, Sisam, \u0130karya, Kiklad Adalar\u0131, Kalimnos, \u0130stank\u00f6y ve Lakonya&#8217;da ise yang\u0131n riski &#8220;\u00e7ok y\u00fcksek&#8221; kategorisi &hellip;<\/p>\n","protected":false},"author":1,"featured_media":150079,"comment_status":"open","ping_status":"open","sticky":false,"template":"","format":"standard","meta":{"footnotes":""},"categories":[4],"tags":[964,1420,10511,1936,531,88,22028,4069],"class_list":["post-150078","post","type-post","status-publish","format-standard","has-post-thumbnail","hentry","category-dunya","tag-bazi","tag-bolgelerinde","tag-kategoriye","tag-riski","tag-yangin","tag-yuksek","tag-yukseltildi","tag-yunanistanin"],"_links":{"self":[{"href":"https:\/\/www.kibrishost.com\/tak\/wp-json\/wp\/v2\/posts\/150078"}],"collection":[{"href":"https:\/\/www.kibrishost.com\/tak\/wp-json\/wp\/v2\/posts"}],"about":[{"href":"https:\/\/www.kibrishost.com\/tak\/wp-json\/wp\/v2\/types\/post"}],"author":[{"embeddable":true,"href":"https:\/\/www.kibrishost.com\/tak\/wp-json\/wp\/v2\/users\/1"}],"replies":[{"embeddable":true,"href":"https:\/\/www.kibrishost.com\/tak\/wp-json\/wp\/v2\/comments?post=150078"}],"version-history":[{"count":0,"href":"https:\/\/www.kibrishost.com\/tak\/wp-json\/wp\/v2\/posts\/150078\/revisions"}],"wp:featuredmedia":[{"embeddable":true,"href":"https:\/\/www.kibrishost.com\/tak\/wp-json\/wp\/v2\/media\/150079"}],"wp:attachment":[{"href":"https:\/\/www.kibrishost.com\/tak\/wp-json\/wp\/v2\/media?parent=150078"}],"wp:term":[{"taxonomy":"category","embeddable":true,"href":"https:\/\/www.kibrishost.com\/tak\/wp-json\/wp\/v2\/categories?post=150078"},{"taxonomy":"post_tag","embeddable":true,"href":"https:\/\/www.kibrishost.com\/tak\/wp-json\/wp\/v2\/tags?post=150078"}],"curies":[{"name":"wp","href":"https:\/\/api.w.org\/{rel}","templated":true}]}}