{"id":149985,"date":"2026-08-29T09:50:11","date_gmt":"2026-08-29T06:50:11","guid":{"rendered":"https:\/\/www.kibrishost.com\/tak\/bati-seriada-filistinlilerin-mulklerinde-cikan-yanginlarin-yuzde-89unun-arkasinda-israilliler-var\/"},"modified":"2026-08-29T09:50:11","modified_gmt":"2026-08-29T06:50:11","slug":"bati-seriada-filistinlilerin-mulklerinde-cikan-yanginlarin-yuzde-89unun-arkasinda-israilliler-var","status":"publish","type":"post","link":"https:\/\/www.kibrishost.com\/tak\/bati-seriada-filistinlilerin-mulklerinde-cikan-yanginlarin-yuzde-89unun-arkasinda-israilliler-var\/","title":{"rendered":"Bat\u0131 \u015eeria&#8217;da Filistinlilerin m\u00fclklerinde \u00e7\u0131kan yang\u0131nlar\u0131n y\u00fczde 89&#8217;unun arkas\u0131nda \u0130srailliler var"},"content":{"rendered":"<p>\u0130\u015fgal alt\u0131ndaki Bat\u0131 \u015eeria&#8217;da 2023&#8217;ten bu yana Filistinlilerin m\u00fclklerinde \u00e7\u0131kan yang\u0131nlar\u0131n y\u00fczde 89&#8217;unun arkas\u0131nda Filistinlilerin topraklar\u0131n\u0131 gasbeden \u0130sraillilerin oldu\u011fu bildirildi.<\/p>\n<p>Filistin y\u00f6netimine ba\u011fl\u0131 Duvar ve Yerle\u015fim Direni\u015f Komisyonu taraf\u0131ndan haz\u0131rlanan rapora g\u00f6re, Ocak 2023 ile 10 Temmuz 2026 tarihleri aras\u0131nda Filistinlilerin evleri, ara\u00e7lar\u0131 ve tesisleri 900 defa kundakland\u0131.<\/p>\n<p>M\u00fclklerin yanmas\u0131yla sonu\u00e7lanan bu sald\u0131r\u0131lar\u0131n 799&#8217;u \u0130srailliler, 101&#8217;i ise \u0130srail ordusu taraf\u0131ndan ger\u00e7ekle\u015ftirildi.<\/p>\n<p>Rapora g\u00f6re, 2023 y\u0131l\u0131nda 217 yang\u0131n kaydedilirken, bu say\u0131 2024&#8217;te 264&#8217;e, 2025&#8217;te ise 307&#8217;ye y\u00fckseldi. Y\u0131l ba\u015f\u0131ndan bu yana ise 112 yang\u0131n kay\u0131tlara ge\u00e7ti.<\/p>\n<p>En \u00e7ok yang\u0131n \u00e7\u0131kan yerlerin ba\u015f\u0131nda Nablus (281 kundaklama) ile Ramallah-El-Bire (271) kentleri geldi. Bu iki kent toplamda 552 yang\u0131nla bu sald\u0131r\u0131lar\u0131n y\u00fczde 61,3&#8217;l\u00fck k\u0131sm\u0131n\u0131 olu\u015fturdu.<\/p>\n<p>Ayn\u0131 \u015fekilde bu s\u00fcre zarf\u0131nda, 121 Filistinli topluluk (3 binden fazlas\u0131 \u00e7ocuk olmak \u00fczere 6 bin 200 ki\u015fi) zorla yerinden edildi.<\/p>\n<p>Sald\u0131r\u0131lar, \u0130srail ordusunun sa\u011flad\u0131\u011f\u0131 koruma ve h\u00fck\u00fcmetin cezas\u0131zl\u0131k politikas\u0131n\u0131n bir sonucu olarak ger\u00e7ekle\u015fti.<\/p>\n<p>\u0130sraillilerin kurdu\u011fu ka\u00e7ak yerle\u015fimler, kundaklama, yol kapatma ve Filistinlilerin arazilerine ve su kaynaklar\u0131na ula\u015fmas\u0131n\u0131 engelleme gibi sald\u0131r\u0131lar\u0131n \u00e7\u0131k\u0131\u015f noktas\u0131n\u0131 olu\u015fturdu.<\/p>\n<\/p>\n<p>\u00a0<\/p><\/p>\n","protected":false},"excerpt":{"rendered":"<p>\u0130\u015fgal alt\u0131ndaki Bat\u0131 \u015eeria&#8217;da 2023&#8217;ten bu yana Filistinlilerin m\u00fclklerinde \u00e7\u0131kan yang\u0131nlar\u0131n y\u00fczde 89&#8217;unun arkas\u0131nda Filistinlilerin topraklar\u0131n\u0131 gasbeden \u0130sraillilerin oldu\u011fu bildirildi. Filistin y\u00f6netimine ba\u011fl\u0131 Duvar ve Yerle\u015fim Direni\u015f Komisyonu taraf\u0131ndan haz\u0131rlanan rapora g\u00f6re, Ocak 2023 ile 10 Temmuz 2026 tarihleri aras\u0131nda Filistinlilerin evleri, ara\u00e7lar\u0131 ve tesisleri 900 defa kundakland\u0131. M\u00fclklerin yanmas\u0131yla sonu\u00e7lanan bu sald\u0131r\u0131lar\u0131n 799&#8217;u \u0130srailliler, &hellip;<\/p>\n","protected":false},"author":1,"featured_media":149986,"comment_status":"open","ping_status":"open","sticky":false,"template":"","format":"standard","meta":{"footnotes":""},"categories":[4],"tags":[48565,10319,329,11,3490,2942,48564,2128,1112,1564,751],"class_list":["post-149985","post","type-post","status-publish","format-standard","has-post-thumbnail","hentry","category-dunya","tag-89unun","tag-arkasinda","tag-bati","tag-cikan","tag-filistinlilerin","tag-israilliler","tag-mulklerinde","tag-seriada","tag-var","tag-yanginlarin","tag-yuzde"],"_links":{"self":[{"href":"https:\/\/www.kibrishost.com\/tak\/wp-json\/wp\/v2\/posts\/149985"}],"collection":[{"href":"https:\/\/www.kibrishost.com\/tak\/wp-json\/wp\/v2\/posts"}],"about":[{"href":"https:\/\/www.kibrishost.com\/tak\/wp-json\/wp\/v2\/types\/post"}],"author":[{"embeddable":true,"href":"https:\/\/www.kibrishost.com\/tak\/wp-json\/wp\/v2\/users\/1"}],"replies":[{"embeddable":true,"href":"https:\/\/www.kibrishost.com\/tak\/wp-json\/wp\/v2\/comments?post=149985"}],"version-history":[{"count":0,"href":"https:\/\/www.kibrishost.com\/tak\/wp-json\/wp\/v2\/posts\/149985\/revisions"}],"wp:featuredmedia":[{"embeddable":true,"href":"https:\/\/www.kibrishost.com\/tak\/wp-json\/wp\/v2\/media\/149986"}],"wp:attachment":[{"href":"https:\/\/www.kibrishost.com\/tak\/wp-json\/wp\/v2\/media?parent=149985"}],"wp:term":[{"taxonomy":"category","embeddable":true,"href":"https:\/\/www.kibrishost.com\/tak\/wp-json\/wp\/v2\/categories?post=149985"},{"taxonomy":"post_tag","embeddable":true,"href":"https:\/\/www.kibrishost.com\/tak\/wp-json\/wp\/v2\/tags?post=149985"}],"curies":[{"name":"wp","href":"https:\/\/api.w.org\/{rel}","templated":true}]}}